{"id":936,"date":"2022-08-23T11:45:37","date_gmt":"2022-08-23T14:45:37","guid":{"rendered":"https:\/\/cbhmeiaponte.meioambiente.go.gov.br\/?p=936"},"modified":"2022-08-23T11:45:37","modified_gmt":"2022-08-23T14:45:37","slug":"o-estado-de-goias-se-faz-presente-no-xxiv-encob-encontro-nacional-de-comites-de-bacias-hidrograficas","status":"publish","type":"post","link":"https:\/\/cbhmeiaponte.meioambiente.go.gov.br\/?p=936","title":{"rendered":"O Estado de Goi\u00e1s se faz presente no XXIV ENCOB &#8211; Encontro Nacional de Comit\u00eas de Bacias Hidrogr\u00e1ficas"},"content":{"rendered":"\n<p class=\"has-medium-font-size\">O Estado de Goi\u00e1s se faz presente no XXIV ENCOB &#8211; Encontro Nacional de Comit\u00eas de Bacias Hidrogr\u00e1ficas &#8211; que ocorre nos dias 22 a 26 de agosto, em Foz do Igua\u00e7u, Paran\u00e1.<\/p>\n\n\n\n<p class=\"has-medium-font-size\">Com o tema &#8220;Gest\u00e3o da \u00c1gua: Responsabilidade de todos&#8221;, os representantes da SEMAD\/GO e dos CBHs Goianos v\u00e3o participar de diversas capacita\u00e7\u00f5es sobre a gest\u00e3o das \u00e1guas.<\/p>\n\n\n\n<p class=\"has-medium-font-size\">De acordo com a organiza\u00e7\u00e3o do evento, dentro da programa\u00e7\u00e3o ser\u00e3o abordados temas como: Mudan\u00e7as Clim\u00e1ticas, Eventos Cr\u00edticos e Resili\u00eancia, Uso Racional, Reuso e Inova\u00e7\u00e3o, Planejamento, Regula\u00e7\u00e3o e Financiamento, Boas Pr\u00e1ticas, Gest\u00e3o Participativa e Engajamento.<\/p>\n\n\n\n<p class=\"has-medium-font-size\">Com essa forma\u00e7\u00e3o e as capacita\u00e7\u00f5es adquiridas durante o XXIV ENCOB os representantes do Estado de Goi\u00e1s ter\u00e3o mais conhecimento e maior entendimento sobre a necessidade de integra\u00e7\u00e3o de organismos e segmentos que comp\u00f5em o Sistema Nacional de Gerenciamento dos Recursos H\u00eddricos, tanto os p\u00fablicos quanto os privados, o que possibilitar\u00e1 a discuss\u00e3o participativa e a contribui\u00e7\u00e3o compartilhada nos diversos setores, entre v\u00e1rios outros pontos abordados pelo XXIV ENCOB.<\/p>\n\n\n\n<p class=\"has-medium-font-size\">A SEMAD\/GO e os CBHs Goianos ter\u00e3o importantes participa\u00e7\u00f5es no evento onde se destacam:<\/p>\n\n\n\n<ul class=\"has-medium-font-size wp-block-list\"><li>a participa\u00e7\u00e3o na Reuni\u00e3o do F\u00f3rum Nacional de \u00f3rg\u00e3os Gestores de Recursos H\u00eddricos (FNOGA) e<\/li><li>a apresenta\u00e7\u00e3o de um painel sobre o \u201ccase\u201d acerca da bacia do Ribeir\u00e3o Pianc\u00f3, importante manancial que abastece a cidade de An\u00e1polis e sua regi\u00e3o de influ\u00eancia.<\/li><\/ul>\n\n\n\n<p class=\"has-medium-font-size\">O encontro ser\u00e1 finalizado nesta sexta-feira (26) com a apresenta\u00e7\u00e3o oral de trabalhos acad\u00eamicos e de comit\u00eas que foram submetidos e aprovados pela banca.<\/p>\n\n\n\n<div style=\"height:100px\" aria-hidden=\"true\" class=\"wp-block-spacer\"><\/div>\n","protected":false},"excerpt":{"rendered":"<p>O Estado de Goi\u00e1s se faz presente no XXIV ENCOB &#8211; Encontro Nacional de Comit\u00eas de Bacias Hidrogr\u00e1ficas &#8211; que ocorre nos dias 22 a 26 de agosto, em Foz do Igua\u00e7u, Paran\u00e1. Com o tema &#8220;Gest\u00e3o da \u00c1gua: Responsabilidade de todos&#8221;, os representantes da SEMAD\/GO e dos CBHs Goianos v\u00e3o participar de diversas capacita\u00e7\u00f5es [&hellip;]<\/p>\n","protected":false},"author":2,"featured_media":937,"comment_status":"closed","ping_status":"closed","sticky":false,"template":"","format":"standard","meta":{"_jetpack_memberships_contains_paid_content":false,"footnotes":""},"categories":[6],"tags":[8],"class_list":["post-936","post","type-post","status-publish","format-standard","has-post-thumbnail","hentry","category-noticias","tag-encob"],"yoast_head":"<!-- This site is optimized with the Yoast SEO plugin v27.3 - https:\/\/yoast.com\/product\/yoast-seo-wordpress\/ -->\n<title>O Estado de Goi\u00e1s se faz presente no XXIV ENCOB - Encontro Nacional de Comit\u00eas de Bacias Hidrogr\u00e1ficas - cbhmeiaponte<\/title>\n<meta name=\"robots\" content=\"index, follow, max-snippet:-1, max-image-preview:large, max-video-preview:-1\" \/>\n<link rel=\"canonical\" href=\"https:\/\/cbhmeiaponte.meioambiente.go.gov.br\/?p=936\" \/>\n<meta property=\"og:locale\" content=\"pt_BR\" \/>\n<meta property=\"og:type\" content=\"article\" \/>\n<meta property=\"og:title\" content=\"O Estado de Goi\u00e1s se faz presente no XXIV ENCOB - Encontro Nacional de Comit\u00eas de Bacias Hidrogr\u00e1ficas - cbhmeiaponte\" \/>\n<meta property=\"og:description\" content=\"O Estado de Goi\u00e1s se faz presente no XXIV ENCOB &#8211; Encontro Nacional de Comit\u00eas de Bacias Hidrogr\u00e1ficas &#8211; que ocorre nos dias 22 a 26 de agosto, em Foz do Igua\u00e7u, Paran\u00e1. Com o tema &#8220;Gest\u00e3o da \u00c1gua: Responsabilidade de todos&#8221;, os representantes da SEMAD\/GO e dos CBHs Goianos v\u00e3o participar de diversas capacita\u00e7\u00f5es [&hellip;]\" \/>\n<meta property=\"og:url\" content=\"https:\/\/cbhmeiaponte.meioambiente.go.gov.br\/?p=936\" \/>\n<meta property=\"og:site_name\" content=\"cbhmeiaponte\" \/>\n<meta property=\"article:published_time\" content=\"2022-08-23T14:45:37+00:00\" \/>\n<meta property=\"og:image\" content=\"https:\/\/i0.wp.com\/cbhmeiaponte.meioambiente.go.gov.br\/wp-content\/uploads\/2022\/08\/Foto-CBH-ENCOB.jpeg?fit=1600%2C1200&ssl=1\" \/>\n\t<meta property=\"og:image:width\" content=\"1600\" \/>\n\t<meta property=\"og:image:height\" content=\"1200\" \/>\n\t<meta property=\"og:image:type\" content=\"image\/jpeg\" \/>\n<meta name=\"author\" content=\"cbhadmin\" \/>\n<meta name=\"twitter:card\" content=\"summary_large_image\" \/>\n<meta name=\"twitter:label1\" content=\"Escrito por\" \/>\n\t<meta name=\"twitter:data1\" content=\"cbhadmin\" \/>\n\t<meta name=\"twitter:label2\" content=\"Est. tempo de leitura\" \/>\n\t<meta name=\"twitter:data2\" content=\"1 minuto\" \/>\n<script type=\"application\/ld+json\" class=\"yoast-schema-graph\">{\"@context\":\"https:\\\/\\\/schema.org\",\"@graph\":[{\"@type\":\"Article\",\"@id\":\"https:\\\/\\\/cbhmeiaponte.meioambiente.go.gov.br\\\/?p=936#article\",\"isPartOf\":{\"@id\":\"https:\\\/\\\/cbhmeiaponte.meioambiente.go.gov.br\\\/?p=936\"},\"author\":{\"name\":\"cbhadmin\",\"@id\":\"https:\\\/\\\/cbhmeiaponte.meioambiente.go.gov.br\\\/#\\\/schema\\\/person\\\/bc9e1aa214e2115f8e5fba661f37611c\"},\"headline\":\"O Estado de Goi\u00e1s se faz presente no XXIV ENCOB &#8211; Encontro Nacional de Comit\u00eas de Bacias Hidrogr\u00e1ficas\",\"datePublished\":\"2022-08-23T14:45:37+00:00\",\"mainEntityOfPage\":{\"@id\":\"https:\\\/\\\/cbhmeiaponte.meioambiente.go.gov.br\\\/?p=936\"},\"wordCount\":309,\"publisher\":{\"@id\":\"https:\\\/\\\/cbhmeiaponte.meioambiente.go.gov.br\\\/#organization\"},\"image\":{\"@id\":\"https:\\\/\\\/cbhmeiaponte.meioambiente.go.gov.br\\\/?p=936#primaryimage\"},\"thumbnailUrl\":\"https:\\\/\\\/i0.wp.com\\\/cbhmeiaponte.meioambiente.go.gov.br\\\/wp-content\\\/uploads\\\/2022\\\/08\\\/Foto-CBH-ENCOB.jpeg?fit=1600%2C1200&ssl=1\",\"keywords\":[\"ENCOB\"],\"articleSection\":[\"Not\u00edcias\"],\"inLanguage\":\"pt-BR\"},{\"@type\":\"WebPage\",\"@id\":\"https:\\\/\\\/cbhmeiaponte.meioambiente.go.gov.br\\\/?p=936\",\"url\":\"https:\\\/\\\/cbhmeiaponte.meioambiente.go.gov.br\\\/?p=936\",\"name\":\"O Estado de Goi\u00e1s se faz presente no XXIV ENCOB - Encontro Nacional de Comit\u00eas de Bacias Hidrogr\u00e1ficas - cbhmeiaponte\",\"isPartOf\":{\"@id\":\"https:\\\/\\\/cbhmeiaponte.meioambiente.go.gov.br\\\/#website\"},\"primaryImageOfPage\":{\"@id\":\"https:\\\/\\\/cbhmeiaponte.meioambiente.go.gov.br\\\/?p=936#primaryimage\"},\"image\":{\"@id\":\"https:\\\/\\\/cbhmeiaponte.meioambiente.go.gov.br\\\/?p=936#primaryimage\"},\"thumbnailUrl\":\"https:\\\/\\\/i0.wp.com\\\/cbhmeiaponte.meioambiente.go.gov.br\\\/wp-content\\\/uploads\\\/2022\\\/08\\\/Foto-CBH-ENCOB.jpeg?fit=1600%2C1200&ssl=1\",\"datePublished\":\"2022-08-23T14:45:37+00:00\",\"breadcrumb\":{\"@id\":\"https:\\\/\\\/cbhmeiaponte.meioambiente.go.gov.br\\\/?p=936#breadcrumb\"},\"inLanguage\":\"pt-BR\",\"potentialAction\":[{\"@type\":\"ReadAction\",\"target\":[\"https:\\\/\\\/cbhmeiaponte.meioambiente.go.gov.br\\\/?p=936\"]}]},{\"@type\":\"ImageObject\",\"inLanguage\":\"pt-BR\",\"@id\":\"https:\\\/\\\/cbhmeiaponte.meioambiente.go.gov.br\\\/?p=936#primaryimage\",\"url\":\"https:\\\/\\\/i0.wp.com\\\/cbhmeiaponte.meioambiente.go.gov.br\\\/wp-content\\\/uploads\\\/2022\\\/08\\\/Foto-CBH-ENCOB.jpeg?fit=1600%2C1200&ssl=1\",\"contentUrl\":\"https:\\\/\\\/i0.wp.com\\\/cbhmeiaponte.meioambiente.go.gov.br\\\/wp-content\\\/uploads\\\/2022\\\/08\\\/Foto-CBH-ENCOB.jpeg?fit=1600%2C1200&ssl=1\",\"width\":1600,\"height\":1200},{\"@type\":\"BreadcrumbList\",\"@id\":\"https:\\\/\\\/cbhmeiaponte.meioambiente.go.gov.br\\\/?p=936#breadcrumb\",\"itemListElement\":[{\"@type\":\"ListItem\",\"position\":1,\"name\":\"In\u00edcio\",\"item\":\"https:\\\/\\\/cbhmeiaponte.meioambiente.go.gov.br\\\/\"},{\"@type\":\"ListItem\",\"position\":2,\"name\":\"O Estado de Goi\u00e1s se faz presente no XXIV ENCOB &#8211; Encontro Nacional de Comit\u00eas de Bacias Hidrogr\u00e1ficas\"}]},{\"@type\":\"WebSite\",\"@id\":\"https:\\\/\\\/cbhmeiaponte.meioambiente.go.gov.br\\\/#website\",\"url\":\"https:\\\/\\\/cbhmeiaponte.meioambiente.go.gov.br\\\/\",\"name\":\"cbhmeiaponte\",\"description\":\"Comit\u00ea da Bacia Hidrogr\u00e1fica do Rio Meia Ponte\",\"publisher\":{\"@id\":\"https:\\\/\\\/cbhmeiaponte.meioambiente.go.gov.br\\\/#organization\"},\"potentialAction\":[{\"@type\":\"SearchAction\",\"target\":{\"@type\":\"EntryPoint\",\"urlTemplate\":\"https:\\\/\\\/cbhmeiaponte.meioambiente.go.gov.br\\\/?s={search_term_string}\"},\"query-input\":{\"@type\":\"PropertyValueSpecification\",\"valueRequired\":true,\"valueName\":\"search_term_string\"}}],\"inLanguage\":\"pt-BR\"},{\"@type\":\"Organization\",\"@id\":\"https:\\\/\\\/cbhmeiaponte.meioambiente.go.gov.br\\\/#organization\",\"name\":\"cbhmeiaponte\",\"url\":\"https:\\\/\\\/cbhmeiaponte.meioambiente.go.gov.br\\\/\",\"logo\":{\"@type\":\"ImageObject\",\"inLanguage\":\"pt-BR\",\"@id\":\"https:\\\/\\\/cbhmeiaponte.meioambiente.go.gov.br\\\/#\\\/schema\\\/logo\\\/image\\\/\",\"url\":\"https:\\\/\\\/i0.wp.com\\\/cbhmeiaponte.meioambiente.go.gov.br\\\/wp-content\\\/uploads\\\/2022\\\/04\\\/cropped-CBH-Meia-Ponte.png?fit=315%2C80&ssl=1\",\"contentUrl\":\"https:\\\/\\\/i0.wp.com\\\/cbhmeiaponte.meioambiente.go.gov.br\\\/wp-content\\\/uploads\\\/2022\\\/04\\\/cropped-CBH-Meia-Ponte.png?fit=315%2C80&ssl=1\",\"width\":315,\"height\":80,\"caption\":\"cbhmeiaponte\"},\"image\":{\"@id\":\"https:\\\/\\\/cbhmeiaponte.meioambiente.go.gov.br\\\/#\\\/schema\\\/logo\\\/image\\\/\"}},{\"@type\":\"Person\",\"@id\":\"https:\\\/\\\/cbhmeiaponte.meioambiente.go.gov.br\\\/#\\\/schema\\\/person\\\/bc9e1aa214e2115f8e5fba661f37611c\",\"name\":\"cbhadmin\",\"image\":{\"@type\":\"ImageObject\",\"inLanguage\":\"pt-BR\",\"@id\":\"https:\\\/\\\/secure.gravatar.com\\\/avatar\\\/d751465070ffe069734c9cfa1e0024f6d33de547745ec2b609304ae2c28b9236?s=96&d=mm&r=g\",\"url\":\"https:\\\/\\\/secure.gravatar.com\\\/avatar\\\/d751465070ffe069734c9cfa1e0024f6d33de547745ec2b609304ae2c28b9236?s=96&d=mm&r=g\",\"contentUrl\":\"https:\\\/\\\/secure.gravatar.com\\\/avatar\\\/d751465070ffe069734c9cfa1e0024f6d33de547745ec2b609304ae2c28b9236?s=96&d=mm&r=g\",\"caption\":\"cbhadmin\"},\"url\":\"https:\\\/\\\/cbhmeiaponte.meioambiente.go.gov.br\\\/?author=2\"}]}<\/script>\n<!-- \/ Yoast SEO plugin. -->","yoast_head_json":{"title":"O Estado de Goi\u00e1s se faz presente no XXIV ENCOB - Encontro Nacional de Comit\u00eas de Bacias Hidrogr\u00e1ficas - cbhmeiaponte","robots":{"index":"index","follow":"follow","max-snippet":"max-snippet:-1","max-image-preview":"max-image-preview:large","max-video-preview":"max-video-preview:-1"},"canonical":"https:\/\/cbhmeiaponte.meioambiente.go.gov.br\/?p=936","og_locale":"pt_BR","og_type":"article","og_title":"O Estado de Goi\u00e1s se faz presente no XXIV ENCOB - Encontro Nacional de Comit\u00eas de Bacias Hidrogr\u00e1ficas - cbhmeiaponte","og_description":"O Estado de Goi\u00e1s se faz presente no XXIV ENCOB &#8211; Encontro Nacional de Comit\u00eas de Bacias Hidrogr\u00e1ficas &#8211; que ocorre nos dias 22 a 26 de agosto, em Foz do Igua\u00e7u, Paran\u00e1. Com o tema &#8220;Gest\u00e3o da \u00c1gua: Responsabilidade de todos&#8221;, os representantes da SEMAD\/GO e dos CBHs Goianos v\u00e3o participar de diversas capacita\u00e7\u00f5es [&hellip;]","og_url":"https:\/\/cbhmeiaponte.meioambiente.go.gov.br\/?p=936","og_site_name":"cbhmeiaponte","article_published_time":"2022-08-23T14:45:37+00:00","og_image":[{"width":1600,"height":1200,"url":"https:\/\/i0.wp.com\/cbhmeiaponte.meioambiente.go.gov.br\/wp-content\/uploads\/2022\/08\/Foto-CBH-ENCOB.jpeg?fit=1600%2C1200&ssl=1","type":"image\/jpeg"}],"author":"cbhadmin","twitter_card":"summary_large_image","twitter_misc":{"Escrito por":"cbhadmin","Est. tempo de leitura":"1 minuto"},"schema":{"@context":"https:\/\/schema.org","@graph":[{"@type":"Article","@id":"https:\/\/cbhmeiaponte.meioambiente.go.gov.br\/?p=936#article","isPartOf":{"@id":"https:\/\/cbhmeiaponte.meioambiente.go.gov.br\/?p=936"},"author":{"name":"cbhadmin","@id":"https:\/\/cbhmeiaponte.meioambiente.go.gov.br\/#\/schema\/person\/bc9e1aa214e2115f8e5fba661f37611c"},"headline":"O Estado de Goi\u00e1s se faz presente no XXIV ENCOB &#8211; Encontro Nacional de Comit\u00eas de Bacias Hidrogr\u00e1ficas","datePublished":"2022-08-23T14:45:37+00:00","mainEntityOfPage":{"@id":"https:\/\/cbhmeiaponte.meioambiente.go.gov.br\/?p=936"},"wordCount":309,"publisher":{"@id":"https:\/\/cbhmeiaponte.meioambiente.go.gov.br\/#organization"},"image":{"@id":"https:\/\/cbhmeiaponte.meioambiente.go.gov.br\/?p=936#primaryimage"},"thumbnailUrl":"https:\/\/i0.wp.com\/cbhmeiaponte.meioambiente.go.gov.br\/wp-content\/uploads\/2022\/08\/Foto-CBH-ENCOB.jpeg?fit=1600%2C1200&ssl=1","keywords":["ENCOB"],"articleSection":["Not\u00edcias"],"inLanguage":"pt-BR"},{"@type":"WebPage","@id":"https:\/\/cbhmeiaponte.meioambiente.go.gov.br\/?p=936","url":"https:\/\/cbhmeiaponte.meioambiente.go.gov.br\/?p=936","name":"O Estado de Goi\u00e1s se faz presente no XXIV ENCOB - Encontro Nacional de Comit\u00eas de Bacias Hidrogr\u00e1ficas - cbhmeiaponte","isPartOf":{"@id":"https:\/\/cbhmeiaponte.meioambiente.go.gov.br\/#website"},"primaryImageOfPage":{"@id":"https:\/\/cbhmeiaponte.meioambiente.go.gov.br\/?p=936#primaryimage"},"image":{"@id":"https:\/\/cbhmeiaponte.meioambiente.go.gov.br\/?p=936#primaryimage"},"thumbnailUrl":"https:\/\/i0.wp.com\/cbhmeiaponte.meioambiente.go.gov.br\/wp-content\/uploads\/2022\/08\/Foto-CBH-ENCOB.jpeg?fit=1600%2C1200&ssl=1","datePublished":"2022-08-23T14:45:37+00:00","breadcrumb":{"@id":"https:\/\/cbhmeiaponte.meioambiente.go.gov.br\/?p=936#breadcrumb"},"inLanguage":"pt-BR","potentialAction":[{"@type":"ReadAction","target":["https:\/\/cbhmeiaponte.meioambiente.go.gov.br\/?p=936"]}]},{"@type":"ImageObject","inLanguage":"pt-BR","@id":"https:\/\/cbhmeiaponte.meioambiente.go.gov.br\/?p=936#primaryimage","url":"https:\/\/i0.wp.com\/cbhmeiaponte.meioambiente.go.gov.br\/wp-content\/uploads\/2022\/08\/Foto-CBH-ENCOB.jpeg?fit=1600%2C1200&ssl=1","contentUrl":"https:\/\/i0.wp.com\/cbhmeiaponte.meioambiente.go.gov.br\/wp-content\/uploads\/2022\/08\/Foto-CBH-ENCOB.jpeg?fit=1600%2C1200&ssl=1","width":1600,"height":1200},{"@type":"BreadcrumbList","@id":"https:\/\/cbhmeiaponte.meioambiente.go.gov.br\/?p=936#breadcrumb","itemListElement":[{"@type":"ListItem","position":1,"name":"In\u00edcio","item":"https:\/\/cbhmeiaponte.meioambiente.go.gov.br\/"},{"@type":"ListItem","position":2,"name":"O Estado de Goi\u00e1s se faz presente no XXIV ENCOB &#8211; Encontro Nacional de Comit\u00eas de Bacias Hidrogr\u00e1ficas"}]},{"@type":"WebSite","@id":"https:\/\/cbhmeiaponte.meioambiente.go.gov.br\/#website","url":"https:\/\/cbhmeiaponte.meioambiente.go.gov.br\/","name":"cbhmeiaponte","description":"Comit\u00ea da Bacia Hidrogr\u00e1fica do Rio Meia Ponte","publisher":{"@id":"https:\/\/cbhmeiaponte.meioambiente.go.gov.br\/#organization"},"potentialAction":[{"@type":"SearchAction","target":{"@type":"EntryPoint","urlTemplate":"https:\/\/cbhmeiaponte.meioambiente.go.gov.br\/?s={search_term_string}"},"query-input":{"@type":"PropertyValueSpecification","valueRequired":true,"valueName":"search_term_string"}}],"inLanguage":"pt-BR"},{"@type":"Organization","@id":"https:\/\/cbhmeiaponte.meioambiente.go.gov.br\/#organization","name":"cbhmeiaponte","url":"https:\/\/cbhmeiaponte.meioambiente.go.gov.br\/","logo":{"@type":"ImageObject","inLanguage":"pt-BR","@id":"https:\/\/cbhmeiaponte.meioambiente.go.gov.br\/#\/schema\/logo\/image\/","url":"https:\/\/i0.wp.com\/cbhmeiaponte.meioambiente.go.gov.br\/wp-content\/uploads\/2022\/04\/cropped-CBH-Meia-Ponte.png?fit=315%2C80&ssl=1","contentUrl":"https:\/\/i0.wp.com\/cbhmeiaponte.meioambiente.go.gov.br\/wp-content\/uploads\/2022\/04\/cropped-CBH-Meia-Ponte.png?fit=315%2C80&ssl=1","width":315,"height":80,"caption":"cbhmeiaponte"},"image":{"@id":"https:\/\/cbhmeiaponte.meioambiente.go.gov.br\/#\/schema\/logo\/image\/"}},{"@type":"Person","@id":"https:\/\/cbhmeiaponte.meioambiente.go.gov.br\/#\/schema\/person\/bc9e1aa214e2115f8e5fba661f37611c","name":"cbhadmin","image":{"@type":"ImageObject","inLanguage":"pt-BR","@id":"https:\/\/secure.gravatar.com\/avatar\/d751465070ffe069734c9cfa1e0024f6d33de547745ec2b609304ae2c28b9236?s=96&d=mm&r=g","url":"https:\/\/secure.gravatar.com\/avatar\/d751465070ffe069734c9cfa1e0024f6d33de547745ec2b609304ae2c28b9236?s=96&d=mm&r=g","contentUrl":"https:\/\/secure.gravatar.com\/avatar\/d751465070ffe069734c9cfa1e0024f6d33de547745ec2b609304ae2c28b9236?s=96&d=mm&r=g","caption":"cbhadmin"},"url":"https:\/\/cbhmeiaponte.meioambiente.go.gov.br\/?author=2"}]}},"featured_image_src":"https:\/\/i0.wp.com\/cbhmeiaponte.meioambiente.go.gov.br\/wp-content\/uploads\/2022\/08\/Foto-CBH-ENCOB.jpeg?resize=600%2C400&ssl=1","featured_image_src_square":"https:\/\/i0.wp.com\/cbhmeiaponte.meioambiente.go.gov.br\/wp-content\/uploads\/2022\/08\/Foto-CBH-ENCOB.jpeg?resize=600%2C600&ssl=1","author_info":{"display_name":"cbhadmin","author_link":"https:\/\/cbhmeiaponte.meioambiente.go.gov.br\/?author=2"},"jetpack_featured_media_url":"https:\/\/i0.wp.com\/cbhmeiaponte.meioambiente.go.gov.br\/wp-content\/uploads\/2022\/08\/Foto-CBH-ENCOB.jpeg?fit=1600%2C1200&ssl=1","jetpack_sharing_enabled":true,"_links":{"self":[{"href":"https:\/\/cbhmeiaponte.meioambiente.go.gov.br\/index.php?rest_route=\/wp\/v2\/posts\/936","targetHints":{"allow":["GET"]}}],"collection":[{"href":"https:\/\/cbhmeiaponte.meioambiente.go.gov.br\/index.php?rest_route=\/wp\/v2\/posts"}],"about":[{"href":"https:\/\/cbhmeiaponte.meioambiente.go.gov.br\/index.php?rest_route=\/wp\/v2\/types\/post"}],"author":[{"embeddable":true,"href":"https:\/\/cbhmeiaponte.meioambiente.go.gov.br\/index.php?rest_route=\/wp\/v2\/users\/2"}],"replies":[{"embeddable":true,"href":"https:\/\/cbhmeiaponte.meioambiente.go.gov.br\/index.php?rest_route=%2Fwp%2Fv2%2Fcomments&post=936"}],"version-history":[{"count":1,"href":"https:\/\/cbhmeiaponte.meioambiente.go.gov.br\/index.php?rest_route=\/wp\/v2\/posts\/936\/revisions"}],"predecessor-version":[{"id":938,"href":"https:\/\/cbhmeiaponte.meioambiente.go.gov.br\/index.php?rest_route=\/wp\/v2\/posts\/936\/revisions\/938"}],"wp:featuredmedia":[{"embeddable":true,"href":"https:\/\/cbhmeiaponte.meioambiente.go.gov.br\/index.php?rest_route=\/wp\/v2\/media\/937"}],"wp:attachment":[{"href":"https:\/\/cbhmeiaponte.meioambiente.go.gov.br\/index.php?rest_route=%2Fwp%2Fv2%2Fmedia&parent=936"}],"wp:term":[{"taxonomy":"category","embeddable":true,"href":"https:\/\/cbhmeiaponte.meioambiente.go.gov.br\/index.php?rest_route=%2Fwp%2Fv2%2Fcategories&post=936"},{"taxonomy":"post_tag","embeddable":true,"href":"https:\/\/cbhmeiaponte.meioambiente.go.gov.br\/index.php?rest_route=%2Fwp%2Fv2%2Ftags&post=936"}],"curies":[{"name":"wp","href":"https:\/\/api.w.org\/{rel}","templated":true}]}}