{"id":990,"date":"2022-11-23T08:55:24","date_gmt":"2022-11-23T11:55:24","guid":{"rendered":"https:\/\/cbhmeiaponte.meioambiente.go.gov.br\/?p=990"},"modified":"2022-11-23T08:55:24","modified_gmt":"2022-11-23T11:55:24","slug":"curso-de-capacitacao-em-gestao-de-agua-e-solo-2","status":"publish","type":"post","link":"https:\/\/cbhmeiaponte.meioambiente.go.gov.br\/?p=990","title":{"rendered":"CURSO de Capacita\u00e7\u00e3o em Gest\u00e3o de \u00c1gua e Solo"},"content":{"rendered":"\n<p class=\"has-medium-font-size\">Curso de Capacita\u00e7\u00e3o em Gest\u00e3o de \u00c1gua e Solo, promovido pela SEMAD (Secretaria de Estado de Meio Ambiente e Desenvolvimento Sustent\u00e1vel) em parceria com a ANA (Ag\u00eancia Nacional de \u00c1guas e Saneamento B\u00e1sico), que acontecer\u00e1 nos dias<strong> 02 e 03 de setembro<\/strong>, na Cidade da Fraternidade \u2013 Zona Rural de Alto Para\u00edso de Goi\u00e1s \u2013 GO.<\/p>\n\n\n\n<p class=\"has-medium-font-size\">O objetivo do curso \u00e9 informar, instruir e sensibilizar a comunidade local sobre a import\u00e2ncia da conserva\u00e7\u00e3o da \u00e1gua e solo.<br>Al\u00e9m de palestras e oficinas, teremos aula pr\u00e1tica sobre \u00e1gua e solo.<\/p>\n\n\n\n<p class=\"has-medium-font-size\"><br>As inscri\u00e7\u00f5es poder\u00e3o ser realizadas pelo site: <a href=\"https:\/\/forms.gle\/UM1fEFA43rXdavgs5\" target=\"_blank\" rel=\"noreferrer noopener\">https:\/\/forms.gle\/UM1fEFA43rXdavgs5<\/a><br>Telefone para contato: 61 9 8303-5287<\/p>\n","protected":false},"excerpt":{"rendered":"<p>Curso de Capacita\u00e7\u00e3o em Gest\u00e3o de \u00c1gua e Solo, promovido pela SEMAD (Secretaria de Estado de Meio Ambiente e Desenvolvimento Sustent\u00e1vel) em parceria com a ANA (Ag\u00eancia Nacional de \u00c1guas e Saneamento B\u00e1sico), que acontecer\u00e1 nos dias 02 e 03 de setembro, na Cidade da Fraternidade \u2013 Zona Rural de Alto Para\u00edso de Goi\u00e1s \u2013 [&hellip;]<\/p>\n","protected":false},"author":2,"featured_media":991,"comment_status":"closed","ping_status":"closed","sticky":false,"template":"","format":"standard","meta":{"_jetpack_memberships_contains_paid_content":false,"footnotes":""},"categories":[9,6],"tags":[7],"class_list":["post-990","post","type-post","status-publish","format-standard","has-post-thumbnail","hentry","category-cursos","category-noticias","tag-cursos"],"yoast_head":"<!-- This site is optimized with the Yoast SEO plugin v27.3 - https:\/\/yoast.com\/product\/yoast-seo-wordpress\/ -->\n<title>CURSO de Capacita\u00e7\u00e3o em Gest\u00e3o de \u00c1gua e Solo - cbhmeiaponte<\/title>\n<meta name=\"robots\" content=\"index, follow, max-snippet:-1, max-image-preview:large, max-video-preview:-1\" \/>\n<link rel=\"canonical\" href=\"https:\/\/cbhmeiaponte.meioambiente.go.gov.br\/?p=990\" \/>\n<meta property=\"og:locale\" content=\"pt_BR\" \/>\n<meta property=\"og:type\" content=\"article\" \/>\n<meta property=\"og:title\" content=\"CURSO de Capacita\u00e7\u00e3o em Gest\u00e3o de \u00c1gua e Solo - cbhmeiaponte\" \/>\n<meta property=\"og:description\" content=\"Curso de Capacita\u00e7\u00e3o em Gest\u00e3o de \u00c1gua e Solo, promovido pela SEMAD (Secretaria de Estado de Meio Ambiente e Desenvolvimento Sustent\u00e1vel) em parceria com a ANA (Ag\u00eancia Nacional de \u00c1guas e Saneamento B\u00e1sico), que acontecer\u00e1 nos dias 02 e 03 de setembro, na Cidade da Fraternidade \u2013 Zona Rural de Alto Para\u00edso de Goi\u00e1s \u2013 [&hellip;]\" \/>\n<meta property=\"og:url\" content=\"https:\/\/cbhmeiaponte.meioambiente.go.gov.br\/?p=990\" \/>\n<meta property=\"og:site_name\" content=\"cbhmeiaponte\" \/>\n<meta property=\"article:published_time\" content=\"2022-11-23T11:55:24+00:00\" \/>\n<meta property=\"og:image\" content=\"https:\/\/i0.wp.com\/cbhmeiaponte.meioambiente.go.gov.br\/wp-content\/uploads\/2022\/11\/Convite-curso-de-conservacao-de-agua-e-solo.jpeg?fit=806%2C806&ssl=1\" \/>\n\t<meta property=\"og:image:width\" content=\"806\" \/>\n\t<meta property=\"og:image:height\" content=\"806\" \/>\n\t<meta property=\"og:image:type\" content=\"image\/jpeg\" \/>\n<meta name=\"author\" content=\"cbhadmin\" \/>\n<meta name=\"twitter:card\" content=\"summary_large_image\" \/>\n<meta name=\"twitter:label1\" content=\"Escrito por\" \/>\n\t<meta name=\"twitter:data1\" content=\"cbhadmin\" \/>\n\t<meta name=\"twitter:label2\" content=\"Est. tempo de leitura\" \/>\n\t<meta name=\"twitter:data2\" content=\"1 minuto\" \/>\n<script type=\"application\/ld+json\" class=\"yoast-schema-graph\">{\"@context\":\"https:\\\/\\\/schema.org\",\"@graph\":[{\"@type\":\"Article\",\"@id\":\"https:\\\/\\\/cbhmeiaponte.meioambiente.go.gov.br\\\/?p=990#article\",\"isPartOf\":{\"@id\":\"https:\\\/\\\/cbhmeiaponte.meioambiente.go.gov.br\\\/?p=990\"},\"author\":{\"name\":\"cbhadmin\",\"@id\":\"https:\\\/\\\/cbhmeiaponte.meioambiente.go.gov.br\\\/#\\\/schema\\\/person\\\/bc9e1aa214e2115f8e5fba661f37611c\"},\"headline\":\"CURSO de Capacita\u00e7\u00e3o em Gest\u00e3o de \u00c1gua e Solo\",\"datePublished\":\"2022-11-23T11:55:24+00:00\",\"mainEntityOfPage\":{\"@id\":\"https:\\\/\\\/cbhmeiaponte.meioambiente.go.gov.br\\\/?p=990\"},\"wordCount\":125,\"publisher\":{\"@id\":\"https:\\\/\\\/cbhmeiaponte.meioambiente.go.gov.br\\\/#organization\"},\"image\":{\"@id\":\"https:\\\/\\\/cbhmeiaponte.meioambiente.go.gov.br\\\/?p=990#primaryimage\"},\"thumbnailUrl\":\"https:\\\/\\\/i0.wp.com\\\/cbhmeiaponte.meioambiente.go.gov.br\\\/wp-content\\\/uploads\\\/2022\\\/11\\\/Convite-curso-de-conservacao-de-agua-e-solo.jpeg?fit=806%2C806&ssl=1\",\"keywords\":[\"cursos\"],\"articleSection\":[\"Cursos\",\"Not\u00edcias\"],\"inLanguage\":\"pt-BR\"},{\"@type\":\"WebPage\",\"@id\":\"https:\\\/\\\/cbhmeiaponte.meioambiente.go.gov.br\\\/?p=990\",\"url\":\"https:\\\/\\\/cbhmeiaponte.meioambiente.go.gov.br\\\/?p=990\",\"name\":\"CURSO de Capacita\u00e7\u00e3o em Gest\u00e3o de \u00c1gua e Solo - cbhmeiaponte\",\"isPartOf\":{\"@id\":\"https:\\\/\\\/cbhmeiaponte.meioambiente.go.gov.br\\\/#website\"},\"primaryImageOfPage\":{\"@id\":\"https:\\\/\\\/cbhmeiaponte.meioambiente.go.gov.br\\\/?p=990#primaryimage\"},\"image\":{\"@id\":\"https:\\\/\\\/cbhmeiaponte.meioambiente.go.gov.br\\\/?p=990#primaryimage\"},\"thumbnailUrl\":\"https:\\\/\\\/i0.wp.com\\\/cbhmeiaponte.meioambiente.go.gov.br\\\/wp-content\\\/uploads\\\/2022\\\/11\\\/Convite-curso-de-conservacao-de-agua-e-solo.jpeg?fit=806%2C806&ssl=1\",\"datePublished\":\"2022-11-23T11:55:24+00:00\",\"breadcrumb\":{\"@id\":\"https:\\\/\\\/cbhmeiaponte.meioambiente.go.gov.br\\\/?p=990#breadcrumb\"},\"inLanguage\":\"pt-BR\",\"potentialAction\":[{\"@type\":\"ReadAction\",\"target\":[\"https:\\\/\\\/cbhmeiaponte.meioambiente.go.gov.br\\\/?p=990\"]}]},{\"@type\":\"ImageObject\",\"inLanguage\":\"pt-BR\",\"@id\":\"https:\\\/\\\/cbhmeiaponte.meioambiente.go.gov.br\\\/?p=990#primaryimage\",\"url\":\"https:\\\/\\\/i0.wp.com\\\/cbhmeiaponte.meioambiente.go.gov.br\\\/wp-content\\\/uploads\\\/2022\\\/11\\\/Convite-curso-de-conservacao-de-agua-e-solo.jpeg?fit=806%2C806&ssl=1\",\"contentUrl\":\"https:\\\/\\\/i0.wp.com\\\/cbhmeiaponte.meioambiente.go.gov.br\\\/wp-content\\\/uploads\\\/2022\\\/11\\\/Convite-curso-de-conservacao-de-agua-e-solo.jpeg?fit=806%2C806&ssl=1\",\"width\":806,\"height\":806},{\"@type\":\"BreadcrumbList\",\"@id\":\"https:\\\/\\\/cbhmeiaponte.meioambiente.go.gov.br\\\/?p=990#breadcrumb\",\"itemListElement\":[{\"@type\":\"ListItem\",\"position\":1,\"name\":\"In\u00edcio\",\"item\":\"https:\\\/\\\/cbhmeiaponte.meioambiente.go.gov.br\\\/\"},{\"@type\":\"ListItem\",\"position\":2,\"name\":\"CURSO de Capacita\u00e7\u00e3o em Gest\u00e3o de \u00c1gua e Solo\"}]},{\"@type\":\"WebSite\",\"@id\":\"https:\\\/\\\/cbhmeiaponte.meioambiente.go.gov.br\\\/#website\",\"url\":\"https:\\\/\\\/cbhmeiaponte.meioambiente.go.gov.br\\\/\",\"name\":\"cbhmeiaponte\",\"description\":\"Comit\u00ea da Bacia Hidrogr\u00e1fica do Rio Meia Ponte\",\"publisher\":{\"@id\":\"https:\\\/\\\/cbhmeiaponte.meioambiente.go.gov.br\\\/#organization\"},\"potentialAction\":[{\"@type\":\"SearchAction\",\"target\":{\"@type\":\"EntryPoint\",\"urlTemplate\":\"https:\\\/\\\/cbhmeiaponte.meioambiente.go.gov.br\\\/?s={search_term_string}\"},\"query-input\":{\"@type\":\"PropertyValueSpecification\",\"valueRequired\":true,\"valueName\":\"search_term_string\"}}],\"inLanguage\":\"pt-BR\"},{\"@type\":\"Organization\",\"@id\":\"https:\\\/\\\/cbhmeiaponte.meioambiente.go.gov.br\\\/#organization\",\"name\":\"cbhmeiaponte\",\"url\":\"https:\\\/\\\/cbhmeiaponte.meioambiente.go.gov.br\\\/\",\"logo\":{\"@type\":\"ImageObject\",\"inLanguage\":\"pt-BR\",\"@id\":\"https:\\\/\\\/cbhmeiaponte.meioambiente.go.gov.br\\\/#\\\/schema\\\/logo\\\/image\\\/\",\"url\":\"https:\\\/\\\/i0.wp.com\\\/cbhmeiaponte.meioambiente.go.gov.br\\\/wp-content\\\/uploads\\\/2022\\\/04\\\/cropped-CBH-Meia-Ponte.png?fit=315%2C80&ssl=1\",\"contentUrl\":\"https:\\\/\\\/i0.wp.com\\\/cbhmeiaponte.meioambiente.go.gov.br\\\/wp-content\\\/uploads\\\/2022\\\/04\\\/cropped-CBH-Meia-Ponte.png?fit=315%2C80&ssl=1\",\"width\":315,\"height\":80,\"caption\":\"cbhmeiaponte\"},\"image\":{\"@id\":\"https:\\\/\\\/cbhmeiaponte.meioambiente.go.gov.br\\\/#\\\/schema\\\/logo\\\/image\\\/\"}},{\"@type\":\"Person\",\"@id\":\"https:\\\/\\\/cbhmeiaponte.meioambiente.go.gov.br\\\/#\\\/schema\\\/person\\\/bc9e1aa214e2115f8e5fba661f37611c\",\"name\":\"cbhadmin\",\"image\":{\"@type\":\"ImageObject\",\"inLanguage\":\"pt-BR\",\"@id\":\"https:\\\/\\\/secure.gravatar.com\\\/avatar\\\/d751465070ffe069734c9cfa1e0024f6d33de547745ec2b609304ae2c28b9236?s=96&d=mm&r=g\",\"url\":\"https:\\\/\\\/secure.gravatar.com\\\/avatar\\\/d751465070ffe069734c9cfa1e0024f6d33de547745ec2b609304ae2c28b9236?s=96&d=mm&r=g\",\"contentUrl\":\"https:\\\/\\\/secure.gravatar.com\\\/avatar\\\/d751465070ffe069734c9cfa1e0024f6d33de547745ec2b609304ae2c28b9236?s=96&d=mm&r=g\",\"caption\":\"cbhadmin\"},\"url\":\"https:\\\/\\\/cbhmeiaponte.meioambiente.go.gov.br\\\/?author=2\"}]}<\/script>\n<!-- \/ Yoast SEO plugin. -->","yoast_head_json":{"title":"CURSO de Capacita\u00e7\u00e3o em Gest\u00e3o de \u00c1gua e Solo - cbhmeiaponte","robots":{"index":"index","follow":"follow","max-snippet":"max-snippet:-1","max-image-preview":"max-image-preview:large","max-video-preview":"max-video-preview:-1"},"canonical":"https:\/\/cbhmeiaponte.meioambiente.go.gov.br\/?p=990","og_locale":"pt_BR","og_type":"article","og_title":"CURSO de Capacita\u00e7\u00e3o em Gest\u00e3o de \u00c1gua e Solo - cbhmeiaponte","og_description":"Curso de Capacita\u00e7\u00e3o em Gest\u00e3o de \u00c1gua e Solo, promovido pela SEMAD (Secretaria de Estado de Meio Ambiente e Desenvolvimento Sustent\u00e1vel) em parceria com a ANA (Ag\u00eancia Nacional de \u00c1guas e Saneamento B\u00e1sico), que acontecer\u00e1 nos dias 02 e 03 de setembro, na Cidade da Fraternidade \u2013 Zona Rural de Alto Para\u00edso de Goi\u00e1s \u2013 [&hellip;]","og_url":"https:\/\/cbhmeiaponte.meioambiente.go.gov.br\/?p=990","og_site_name":"cbhmeiaponte","article_published_time":"2022-11-23T11:55:24+00:00","og_image":[{"width":806,"height":806,"url":"https:\/\/i0.wp.com\/cbhmeiaponte.meioambiente.go.gov.br\/wp-content\/uploads\/2022\/11\/Convite-curso-de-conservacao-de-agua-e-solo.jpeg?fit=806%2C806&ssl=1","type":"image\/jpeg"}],"author":"cbhadmin","twitter_card":"summary_large_image","twitter_misc":{"Escrito por":"cbhadmin","Est. tempo de leitura":"1 minuto"},"schema":{"@context":"https:\/\/schema.org","@graph":[{"@type":"Article","@id":"https:\/\/cbhmeiaponte.meioambiente.go.gov.br\/?p=990#article","isPartOf":{"@id":"https:\/\/cbhmeiaponte.meioambiente.go.gov.br\/?p=990"},"author":{"name":"cbhadmin","@id":"https:\/\/cbhmeiaponte.meioambiente.go.gov.br\/#\/schema\/person\/bc9e1aa214e2115f8e5fba661f37611c"},"headline":"CURSO de Capacita\u00e7\u00e3o em Gest\u00e3o de \u00c1gua e Solo","datePublished":"2022-11-23T11:55:24+00:00","mainEntityOfPage":{"@id":"https:\/\/cbhmeiaponte.meioambiente.go.gov.br\/?p=990"},"wordCount":125,"publisher":{"@id":"https:\/\/cbhmeiaponte.meioambiente.go.gov.br\/#organization"},"image":{"@id":"https:\/\/cbhmeiaponte.meioambiente.go.gov.br\/?p=990#primaryimage"},"thumbnailUrl":"https:\/\/i0.wp.com\/cbhmeiaponte.meioambiente.go.gov.br\/wp-content\/uploads\/2022\/11\/Convite-curso-de-conservacao-de-agua-e-solo.jpeg?fit=806%2C806&ssl=1","keywords":["cursos"],"articleSection":["Cursos","Not\u00edcias"],"inLanguage":"pt-BR"},{"@type":"WebPage","@id":"https:\/\/cbhmeiaponte.meioambiente.go.gov.br\/?p=990","url":"https:\/\/cbhmeiaponte.meioambiente.go.gov.br\/?p=990","name":"CURSO de Capacita\u00e7\u00e3o em Gest\u00e3o de \u00c1gua e Solo - cbhmeiaponte","isPartOf":{"@id":"https:\/\/cbhmeiaponte.meioambiente.go.gov.br\/#website"},"primaryImageOfPage":{"@id":"https:\/\/cbhmeiaponte.meioambiente.go.gov.br\/?p=990#primaryimage"},"image":{"@id":"https:\/\/cbhmeiaponte.meioambiente.go.gov.br\/?p=990#primaryimage"},"thumbnailUrl":"https:\/\/i0.wp.com\/cbhmeiaponte.meioambiente.go.gov.br\/wp-content\/uploads\/2022\/11\/Convite-curso-de-conservacao-de-agua-e-solo.jpeg?fit=806%2C806&ssl=1","datePublished":"2022-11-23T11:55:24+00:00","breadcrumb":{"@id":"https:\/\/cbhmeiaponte.meioambiente.go.gov.br\/?p=990#breadcrumb"},"inLanguage":"pt-BR","potentialAction":[{"@type":"ReadAction","target":["https:\/\/cbhmeiaponte.meioambiente.go.gov.br\/?p=990"]}]},{"@type":"ImageObject","inLanguage":"pt-BR","@id":"https:\/\/cbhmeiaponte.meioambiente.go.gov.br\/?p=990#primaryimage","url":"https:\/\/i0.wp.com\/cbhmeiaponte.meioambiente.go.gov.br\/wp-content\/uploads\/2022\/11\/Convite-curso-de-conservacao-de-agua-e-solo.jpeg?fit=806%2C806&ssl=1","contentUrl":"https:\/\/i0.wp.com\/cbhmeiaponte.meioambiente.go.gov.br\/wp-content\/uploads\/2022\/11\/Convite-curso-de-conservacao-de-agua-e-solo.jpeg?fit=806%2C806&ssl=1","width":806,"height":806},{"@type":"BreadcrumbList","@id":"https:\/\/cbhmeiaponte.meioambiente.go.gov.br\/?p=990#breadcrumb","itemListElement":[{"@type":"ListItem","position":1,"name":"In\u00edcio","item":"https:\/\/cbhmeiaponte.meioambiente.go.gov.br\/"},{"@type":"ListItem","position":2,"name":"CURSO de Capacita\u00e7\u00e3o em Gest\u00e3o de \u00c1gua e Solo"}]},{"@type":"WebSite","@id":"https:\/\/cbhmeiaponte.meioambiente.go.gov.br\/#website","url":"https:\/\/cbhmeiaponte.meioambiente.go.gov.br\/","name":"cbhmeiaponte","description":"Comit\u00ea da Bacia Hidrogr\u00e1fica do Rio Meia Ponte","publisher":{"@id":"https:\/\/cbhmeiaponte.meioambiente.go.gov.br\/#organization"},"potentialAction":[{"@type":"SearchAction","target":{"@type":"EntryPoint","urlTemplate":"https:\/\/cbhmeiaponte.meioambiente.go.gov.br\/?s={search_term_string}"},"query-input":{"@type":"PropertyValueSpecification","valueRequired":true,"valueName":"search_term_string"}}],"inLanguage":"pt-BR"},{"@type":"Organization","@id":"https:\/\/cbhmeiaponte.meioambiente.go.gov.br\/#organization","name":"cbhmeiaponte","url":"https:\/\/cbhmeiaponte.meioambiente.go.gov.br\/","logo":{"@type":"ImageObject","inLanguage":"pt-BR","@id":"https:\/\/cbhmeiaponte.meioambiente.go.gov.br\/#\/schema\/logo\/image\/","url":"https:\/\/i0.wp.com\/cbhmeiaponte.meioambiente.go.gov.br\/wp-content\/uploads\/2022\/04\/cropped-CBH-Meia-Ponte.png?fit=315%2C80&ssl=1","contentUrl":"https:\/\/i0.wp.com\/cbhmeiaponte.meioambiente.go.gov.br\/wp-content\/uploads\/2022\/04\/cropped-CBH-Meia-Ponte.png?fit=315%2C80&ssl=1","width":315,"height":80,"caption":"cbhmeiaponte"},"image":{"@id":"https:\/\/cbhmeiaponte.meioambiente.go.gov.br\/#\/schema\/logo\/image\/"}},{"@type":"Person","@id":"https:\/\/cbhmeiaponte.meioambiente.go.gov.br\/#\/schema\/person\/bc9e1aa214e2115f8e5fba661f37611c","name":"cbhadmin","image":{"@type":"ImageObject","inLanguage":"pt-BR","@id":"https:\/\/secure.gravatar.com\/avatar\/d751465070ffe069734c9cfa1e0024f6d33de547745ec2b609304ae2c28b9236?s=96&d=mm&r=g","url":"https:\/\/secure.gravatar.com\/avatar\/d751465070ffe069734c9cfa1e0024f6d33de547745ec2b609304ae2c28b9236?s=96&d=mm&r=g","contentUrl":"https:\/\/secure.gravatar.com\/avatar\/d751465070ffe069734c9cfa1e0024f6d33de547745ec2b609304ae2c28b9236?s=96&d=mm&r=g","caption":"cbhadmin"},"url":"https:\/\/cbhmeiaponte.meioambiente.go.gov.br\/?author=2"}]}},"featured_image_src":"https:\/\/i0.wp.com\/cbhmeiaponte.meioambiente.go.gov.br\/wp-content\/uploads\/2022\/11\/Convite-curso-de-conservacao-de-agua-e-solo.jpeg?resize=600%2C400&ssl=1","featured_image_src_square":"https:\/\/i0.wp.com\/cbhmeiaponte.meioambiente.go.gov.br\/wp-content\/uploads\/2022\/11\/Convite-curso-de-conservacao-de-agua-e-solo.jpeg?resize=600%2C600&ssl=1","author_info":{"display_name":"cbhadmin","author_link":"https:\/\/cbhmeiaponte.meioambiente.go.gov.br\/?author=2"},"jetpack_featured_media_url":"https:\/\/i0.wp.com\/cbhmeiaponte.meioambiente.go.gov.br\/wp-content\/uploads\/2022\/11\/Convite-curso-de-conservacao-de-agua-e-solo.jpeg?fit=806%2C806&ssl=1","jetpack_sharing_enabled":true,"_links":{"self":[{"href":"https:\/\/cbhmeiaponte.meioambiente.go.gov.br\/index.php?rest_route=\/wp\/v2\/posts\/990","targetHints":{"allow":["GET"]}}],"collection":[{"href":"https:\/\/cbhmeiaponte.meioambiente.go.gov.br\/index.php?rest_route=\/wp\/v2\/posts"}],"about":[{"href":"https:\/\/cbhmeiaponte.meioambiente.go.gov.br\/index.php?rest_route=\/wp\/v2\/types\/post"}],"author":[{"embeddable":true,"href":"https:\/\/cbhmeiaponte.meioambiente.go.gov.br\/index.php?rest_route=\/wp\/v2\/users\/2"}],"replies":[{"embeddable":true,"href":"https:\/\/cbhmeiaponte.meioambiente.go.gov.br\/index.php?rest_route=%2Fwp%2Fv2%2Fcomments&post=990"}],"version-history":[{"count":1,"href":"https:\/\/cbhmeiaponte.meioambiente.go.gov.br\/index.php?rest_route=\/wp\/v2\/posts\/990\/revisions"}],"predecessor-version":[{"id":992,"href":"https:\/\/cbhmeiaponte.meioambiente.go.gov.br\/index.php?rest_route=\/wp\/v2\/posts\/990\/revisions\/992"}],"wp:featuredmedia":[{"embeddable":true,"href":"https:\/\/cbhmeiaponte.meioambiente.go.gov.br\/index.php?rest_route=\/wp\/v2\/media\/991"}],"wp:attachment":[{"href":"https:\/\/cbhmeiaponte.meioambiente.go.gov.br\/index.php?rest_route=%2Fwp%2Fv2%2Fmedia&parent=990"}],"wp:term":[{"taxonomy":"category","embeddable":true,"href":"https:\/\/cbhmeiaponte.meioambiente.go.gov.br\/index.php?rest_route=%2Fwp%2Fv2%2Fcategories&post=990"},{"taxonomy":"post_tag","embeddable":true,"href":"https:\/\/cbhmeiaponte.meioambiente.go.gov.br\/index.php?rest_route=%2Fwp%2Fv2%2Ftags&post=990"}],"curies":[{"name":"wp","href":"https:\/\/api.w.org\/{rel}","templated":true}]}}